{"id":7922,"date":"2022-09-29T09:45:44","date_gmt":"2022-09-29T07:45:44","guid":{"rendered":"https:\/\/www.mdw.ac.at\/magazin\/?p=7922"},"modified":"2022-09-29T09:46:29","modified_gmt":"2022-09-29T07:46:29","slug":"johanna-bilgeri-gewinnt-den-mdw-great-talent-award","status":"publish","type":"post","link":"https:\/\/www.mdw.ac.at\/magazin\/2022\/09\/29\/johanna-bilgeri-gewinnt-den-mdw-great-talent-award\/","title":{"rendered":"Johanna Bilgeri gewinnt den mdw great talent award"},"content":{"rendered":"Der mdw great talent award powered by Christian Zeller brachte wieder au\u00dfergew\u00f6hnliche Talente der mdw auf die B\u00fchne. Beim Finale am 12. Mai 2022 gewann die Fagottistin Johanna Bilgeri den ersten Preis, ex aequo auf den zweiten Platz kamen der Geiger Paul Kropfitsch und die Mezzosopranistin Helene Feldbauer. Erm\u00f6glicht hat dies die gro\u00dfz\u00fcgige Erweiterung der Preisgelder durch den Stifter Christian Zeller im Zusammenwirken mit der Entscheidung der hochkar\u00e4tig besetzten Jury unter dem Vorsitz von Angelika M\u00f6ser. Gefragt, was sich die 21-j\u00e4hrige Vorarlbergerin vom Wettbewerb versprechen w\u00fcrde, gab sie an: \u201eMit diesem Preis m\u00f6chte ich \u00fcber mich hinauswachsen und mit meinem K\u00f6nnen anderen Menschen eine Freude machen.\u201c Das ist ihr perfekt gelungen, was auch die Stimmung im Publikum und der Applaus bei ihrem Auftritt im voll besetzten Joseph Haydn-Saal der mdw eindrucksvoll zeigten.<\/p>\n<figure id=\"attachment_7925\" aria-describedby=\"caption-attachment-7925\" style=\"width: 850px\" class=\"wp-caption aligncenter\"><img loading=\"lazy\" decoding=\"async\" class=\"size-large wp-image-7925\" src=\"https:\/\/www.mdw.ac.at\/magazin\/wp-content\/uploads\/2022\/09\/post-1_image1-3-1024x683.jpg\" alt=\"\" width=\"850\" height=\"567\" srcset=\"https:\/\/www.mdw.ac.at\/magazin\/wp-content\/uploads\/2022\/09\/post-1_image1-3-1024x683.jpg 1024w, https:\/\/www.mdw.ac.at\/magazin\/wp-content\/uploads\/2022\/09\/post-1_image1-3-300x200.jpg 300w, https:\/\/www.mdw.ac.at\/magazin\/wp-content\/uploads\/2022\/09\/post-1_image1-3-768x512.jpg 768w, https:\/\/www.mdw.ac.at\/magazin\/wp-content\/uploads\/2022\/09\/post-1_image1-3-1536x1025.jpg 1536w, https:\/\/www.mdw.ac.at\/magazin\/wp-content\/uploads\/2022\/09\/post-1_image1-3-2048x1366.jpg 2048w, https:\/\/www.mdw.ac.at\/magazin\/wp-content\/uploads\/2022\/09\/post-1_image1-3-850x567.jpg 850w\" sizes=\"auto, (max-width: 850px) 100vw, 850px\" \/><figcaption id=\"caption-attachment-7925\" class=\"wp-caption-text\">\u00a9 Stephan Polzer<\/figcaption><\/figure>\n<h4>Wer ist diese h\u00f6chst begabte Musikerin?<\/h4>\n<p>Johanna Bilgeri wurde 2001 in Hittisau (Vorarlberg) geboren. Seit Herbst 2019 studiert sie Konzertfach Fagott an der mdw bei Richard Galler. Sie gewann sowohl solistisch als auch kammermusikalisch mehrere erste Preise und Sonderpreise bei nationalen und internationalen Wettbewerben; unter anderem wurde sie mehrfach Bundessiegerin bei <i>Prima la musica<\/i>, gewann den Solistenwettbewerb am Landeskonservatorium Vorarlberg und ist Preistr\u00e4gerin des Wettbewerbs Musica Juventutis. Die junge Musikerin nahm an Meisterkursen von Dag Jensen und Simon Van Holen teil. Orchestererfahrungen sammelte sie bei der Quarta 4 L\u00e4nder Jugendphilharmonie, beim Symphonieorchester Vorarlberg und Sinfonieorchester Liechtenstein sowie beim Wiener Jeunesse Orchester. Auch kammermusikalisch war Johanna Bilgeri schon oft aktiv. Mit dem Ensemble Esperanza trat sie im Kammermusiksaal der Elbphilharmonie auf, und mit ihrem Trio M\u00e9lange, das in klassischer Trio-d\u2019anches-Besetzung musiziert, spielt sie regelm\u00e4\u00dfig im In- und Ausland, unter anderem gastierten sie 2019 beim Kammermusikfest Lockenhaus.<\/p>\n<p>Solistische Auftritte absolvierte sie mit dem Sinfonieorchester des Vorarlberger Landeskonservatoriums, bei <i>Talente im Funkhaus<\/i> (live im ORF) und bei <i>Sterne von morgen<\/i>, einer Konzertreihe, bei der internationale junge Musiker_innen ausgew\u00e4hlt werden. Zurzeit ist Johanna Stipendiatin des Anny Felbermayer-Fonds zur F\u00f6rderung talentierter Studierender an der mdw. Im Juni 2021 gab sie als Gewinnerin des Wiener Symphoniker-Talents ihr Deb\u00fct als Solistin mit den Wiener Symphonikern unter der Leitung von Andr\u00e9s Orozco-Estrada.<\/p>\n<p>Und was erwartet sich die Fagottistin von einem Leben als Musikerin? Darauf antwortet sie selbstbewusst: \u201eIn erster Linie m\u00f6chte ich vor allem die Leidenschaft daran nie verlieren und immer versuchen, mein Bestes zu geben.\u201c<\/p>\n<div class=\"bdaia-separator se-shadow\" style=\"margin-top:30px !important;margin-bottom:30px !important;\"><\/div>\n<h1 style=\"text-align: center;\">Word-Rap<\/h1>\n<h4 style=\"text-align: center;\">Eine St\u00e4rke:<\/h4>\n<p style=\"text-align: center;\">Perfektionismus<\/p>\n<h4 style=\"text-align: center;\">Eine Schw\u00e4che:<\/h4>\n<p style=\"text-align: center;\">Perfektionismus<\/p>\n<h4 style=\"text-align: center;\">Mein Ritual vor einem Auftritt:<\/h4>\n<p style=\"text-align: center;\">Ich habe nicht wirklich ein Ritual vor den Auftritten, ich versuche eher, alles wie gewohnt zu machen und keine neuen, ungewohnten Dinge einzubauen. Ich genie\u00dfe es sehr, Zeit f\u00fcr mich zu haben. Oft mache ich noch kurze Konzentrations\u00fcbungen, au\u00dferdem vermeide ich es, irgendwelche Passagen vor dem Auftritt auf dem Fagott zu spielen, sondern eher Tonleiter, \u00dcbungen f\u00fcr die Luftf\u00fchrung etc.<\/p>\n<figure id=\"attachment_7926\" aria-describedby=\"caption-attachment-7926\" style=\"width: 683px\" class=\"wp-caption aligncenter\"><img loading=\"lazy\" decoding=\"async\" class=\"wp-image-7926 size-large\" src=\"https:\/\/www.mdw.ac.at\/magazin\/wp-content\/uploads\/2022\/09\/post-1_image2-2-683x1024.jpg\" alt=\"\" width=\"683\" height=\"1024\" srcset=\"https:\/\/www.mdw.ac.at\/magazin\/wp-content\/uploads\/2022\/09\/post-1_image2-2-683x1024.jpg 683w, https:\/\/www.mdw.ac.at\/magazin\/wp-content\/uploads\/2022\/09\/post-1_image2-2-200x300.jpg 200w, https:\/\/www.mdw.ac.at\/magazin\/wp-content\/uploads\/2022\/09\/post-1_image2-2-768x1151.jpg 768w, https:\/\/www.mdw.ac.at\/magazin\/wp-content\/uploads\/2022\/09\/post-1_image2-2-1025x1536.jpg 1025w, https:\/\/www.mdw.ac.at\/magazin\/wp-content\/uploads\/2022\/09\/post-1_image2-2-1366x2048.jpg 1366w, https:\/\/www.mdw.ac.at\/magazin\/wp-content\/uploads\/2022\/09\/post-1_image2-2-850x1274.jpg 850w, https:\/\/www.mdw.ac.at\/magazin\/wp-content\/uploads\/2022\/09\/post-1_image2-2.jpg 1423w\" sizes=\"auto, (max-width: 683px) 100vw, 683px\" \/><figcaption id=\"caption-attachment-7926\" class=\"wp-caption-text\">Johanna Bilgeri \u00a9 Stephan Polzer<\/figcaption><\/figure>\n<h4 style=\"text-align: center;\">Lieblingskomponist_innen:<\/h4>\n<p style=\"text-align: center;\">Ich genie\u00dfe die Vielfalt und die gro\u00dfe Bandbreite, vor allem beim Fagottrepertoire, aber auch bei der Orchesterliteratur und bei der Kammermusik.<\/p>\n<h4 style=\"text-align: center;\">Pr\u00e4gendstes musikalisches Erlebnis:<\/h4>\n<p style=\"text-align: center;\">Das Solokonzert im Juni 2022 mit den Wiener Symphonikern unter der Leitung von Maestro Andr\u00e9s Orozco-Estrada.<\/p>\n<h4 style=\"text-align: center;\">Sch\u00f6nstes musikalisches Erlebnis:<\/h4>\n<p style=\"text-align: center;\">Ich habe sehr viele sch\u00f6ne musikalische Erlebnisse, an die ich gerne zur\u00fcckdenke. Ich glaube, es gibt bei mir nicht das eine sch\u00f6nste Erlebnis, aber das aktuellste ist auf jeden Fall das Konzert mit den Wiener Symphonikern im Musikverein mit Lorenzo Viotti am Dirigentenpult.<\/p>\n<h4 style=\"text-align: center;\">Meer oder Berge?<\/h4>\n<p style=\"text-align: center;\">Definitiv Berge, da bin ich schlie\u00dflich aufgewachsen.<\/p>\n<h4 style=\"text-align: center;\">Wenn ich nicht Musikerin geworden w\u00e4re, was dann?<\/h4>\n<p style=\"text-align: center;\">Das wei\u00df ich bis heute nicht.<\/p>\n<h4 style=\"text-align: center;\">Pizza oder Burger?<\/h4>\n<p style=\"text-align: center;\">Pizza<\/p>\n<h4 style=\"text-align: center;\">An Kolleg_innen sch\u00e4tze ich, \u2026<\/h4>\n<p style=\"text-align: center;\">dass ich mich immer auf sie verlassen kann, dass sie jeden und jede akzeptieren, so wie er\/sie ist, und vor allem ihre Offenheit und Ehrlichkeit.<\/p>\n<h4 style=\"text-align: center;\">Kein Verst\u00e4ndnis \u2026<\/h4>\n<p style=\"text-align: center;\">habe ich daf\u00fcr, dass immer noch so viel Ungerechtigkeit auf der Welt herrscht.<\/p>\n<h4 style=\"text-align: center;\">Facebook oder Instagram?<\/h4>\n<p style=\"text-align: center;\">Instagram, wobei ich da generell nicht so aktiv bin.<\/p>\n<div class=\"bdaia-separator se-shadow\" style=\"margin-top:30px !important;margin-bottom:30px !important;\"><\/div>\n<p>Zum Finale in der <a href=\"http:\/\/mediathek.mdw.ac.at\/greattalentaward2021\">mdwMediathek<\/a>.","protected":false},"excerpt":{"rendered":"<p>Der mdw great talent award powered by Christian Zeller brachte wieder au\u00dfergew\u00f6hnliche Talente der mdw auf die B\u00fchne. Beim Finale am 12. Mai 2022 gewann die Fagottistin Johanna Bilgeri den ersten Preis, ex aequo auf den zweiten Platz kamen der Geiger Paul Kropfitsch und die Mezzosopranistin Helene Feldbauer.<\/p>\n","protected":false},"author":13,"featured_media":7924,"comment_status":"closed","ping_status":"closed","sticky":false,"template":"","format":"standard","meta":{"_acf_changed":false,"footnotes":""},"categories":[13],"tags":[1293,1200,837,79],"class_list":["post-7922","post","type-post","status-publish","format-standard","has-post-thumbnail","hentry","category-report","tag-2022-3","tag-greattalentaward","tag-music","tag-wettbewerb"],"acf":[],"_links":{"self":[{"href":"https:\/\/www.mdw.ac.at\/magazin\/wp-json\/wp\/v2\/posts\/7922","targetHints":{"allow":["GET"]}}],"collection":[{"href":"https:\/\/www.mdw.ac.at\/magazin\/wp-json\/wp\/v2\/posts"}],"about":[{"href":"https:\/\/www.mdw.ac.at\/magazin\/wp-json\/wp\/v2\/types\/post"}],"author":[{"embeddable":true,"href":"https:\/\/www.mdw.ac.at\/magazin\/wp-json\/wp\/v2\/users\/13"}],"replies":[{"embeddable":true,"href":"https:\/\/www.mdw.ac.at\/magazin\/wp-json\/wp\/v2\/comments?post=7922"}],"version-history":[{"count":13,"href":"https:\/\/www.mdw.ac.at\/magazin\/wp-json\/wp\/v2\/posts\/7922\/revisions"}],"predecessor-version":[{"id":8118,"href":"https:\/\/www.mdw.ac.at\/magazin\/wp-json\/wp\/v2\/posts\/7922\/revisions\/8118"}],"wp:featuredmedia":[{"embeddable":true,"href":"https:\/\/www.mdw.ac.at\/magazin\/wp-json\/wp\/v2\/media\/7924"}],"wp:attachment":[{"href":"https:\/\/www.mdw.ac.at\/magazin\/wp-json\/wp\/v2\/media?parent=7922"}],"wp:term":[{"taxonomy":"category","embeddable":true,"href":"https:\/\/www.mdw.ac.at\/magazin\/wp-json\/wp\/v2\/categories?post=7922"},{"taxonomy":"post_tag","embeddable":true,"href":"https:\/\/www.mdw.ac.at\/magazin\/wp-json\/wp\/v2\/tags?post=7922"}],"curies":[{"name":"wp","href":"https:\/\/api.w.org\/{rel}","templated":true}]}}