{"id":7298,"date":"2022-02-25T15:10:57","date_gmt":"2022-02-25T14:10:57","guid":{"rendered":"https:\/\/www.mdw.ac.at\/magazin\/?p=7298"},"modified":"2022-02-28T11:56:19","modified_gmt":"2022-02-28T10:56:19","slug":"hmdw-kolumne-von-stephan-polzer-dominik-foertsch","status":"publish","type":"post","link":"https:\/\/www.mdw.ac.at\/magazin\/2022\/02\/25\/hmdw-kolumne-von-stephan-polzer-dominik-foertsch\/","title":{"rendered":"hmdw-Kolumne von Stephan Polzer: Dominik F\u00f6rtsch"},"content":{"rendered":"<b>Studiert an der mdw seit:<\/b> 2017 (Vorbereitungslehrgang)\/2018 (ordentlich)<br \/>\n<b>Studienfach\/-f\u00e4cher: <\/b>Medienkomposition und Angewandte Musik, Elektroakustische Komposition<br \/>\n<b>Lieblingsort an der mdw und warum: <\/b>Das ist sehr tagesform- und jahreszeitabh\u00e4ngig. Ich mag die beiden Terrassen des neuen Future Art Lab sehr gern, weil ich \u00fcber den ganzen Campus schauen kann und es ziemlich gem\u00fctlich finde, dort einen Kaffee zu trinken. Im Sommer ist es aber \u00fcberall an der Uni fein. Im Winter wiederum ist es wunderbar, abends aus den Prober\u00e4umen oder den Studios zu kommen und die Ruhe des Innenhofs zu genie\u00dfen.<br \/>\n<b>Lieblingsort in Wien: <\/b>Der gr\u00fcne Prater ist ganz oben mit dabei.<br \/>\n<b>Was ich gerne gleich zu Beginn des Studiums gewusst h\u00e4tte: <\/b>Wie man ordentlich Noten liest (<i>lacht<\/i>).<\/p>\n<figure id=\"attachment_7303\" aria-describedby=\"caption-attachment-7303\" style=\"width: 683px\" class=\"wp-caption aligncenter\"><img loading=\"lazy\" decoding=\"async\" class=\"size-large wp-image-7303\" src=\"https:\/\/www.mdw.ac.at\/magazin\/wp-content\/uploads\/2022\/02\/post-1_image3-16-683x1024.jpg\" alt=\"\" width=\"683\" height=\"1024\" srcset=\"https:\/\/www.mdw.ac.at\/magazin\/wp-content\/uploads\/2022\/02\/post-1_image3-16-683x1024.jpg 683w, https:\/\/www.mdw.ac.at\/magazin\/wp-content\/uploads\/2022\/02\/post-1_image3-16-200x300.jpg 200w, https:\/\/www.mdw.ac.at\/magazin\/wp-content\/uploads\/2022\/02\/post-1_image3-16-768x1151.jpg 768w, https:\/\/www.mdw.ac.at\/magazin\/wp-content\/uploads\/2022\/02\/post-1_image3-16-1025x1536.jpg 1025w, https:\/\/www.mdw.ac.at\/magazin\/wp-content\/uploads\/2022\/02\/post-1_image3-16-1366x2048.jpg 1366w, https:\/\/www.mdw.ac.at\/magazin\/wp-content\/uploads\/2022\/02\/post-1_image3-16-850x1274.jpg 850w, https:\/\/www.mdw.ac.at\/magazin\/wp-content\/uploads\/2022\/02\/post-1_image3-16.jpg 1423w\" sizes=\"auto, (max-width: 683px) 100vw, 683px\" \/><figcaption id=\"caption-attachment-7303\" class=\"wp-caption-text\">\u00a9 Stephan Polzer<\/figcaption><\/figure>\n<p><b>Wenn ich komponiere, dann<\/b> mache ich eigentlich etwas ganz anderes.<br \/>\n<b>Wenn ich auf einer B\u00fchne stehe, dann<\/b> arbeite ich meistens.<br \/>\n<b>Themen, die mich derzeit sehr besch\u00e4ftigen, sind: <\/b>Pandemie, Klimakrise, Marginalisierung von Frauen, People of Color und der LGBTQI+ Community, Verschw\u00f6rungsnarrative und Wissenschaftsfeindlichkeit, Geschlechterrollen, patriarchale Machtstrukturen, (meine) Privilegien, Spannungsfeld Kunst, Kultur und Handwerk, Lebens- und Denkrealit\u00e4ten, das Universum, Granluarsynthese, gef\u00e4rbtes Rauschen, Babykleidung.<br \/>\n<b>Mein gr\u00f6\u00dfter Erfolg bisher ist f\u00fcr mich: <\/b>Es ist komisch, das als \u201eErfolg\u201c zu werten, aber es ist sch\u00f6n, dass ich noch am Leben bin. Ach so, und superkitschig w\u00e4re: mein Sohn nat\u00fcrlich (<i>lacht<\/i>).<\/p>\n<h5>Was ist f\u00fcr dich das Besondere auf der B\u00fchne bzw. an diesem Moment vor Publikum, den man so in der Form eigentlich nicht einfangen kann?<\/h5>\n<p><b>Dominik F\u00f6rtsch (DF):<\/b> Wie in der Fragestellung schon beschrieben, kann ich diesen Moment nicht wirklich wiedergeben. Ich kann versuchen zu beschreiben, was mich daran interessiert. In letzter Instanz ist jeder (k\u00fcnstlerische) Austausch, jede Performance, jedes Konzert ja nichts anderes als einfach nur die gemeinsam gelebte Lebenszeit. Und im besten Fall versuchen wir, uns in dieser gemeinsam gelebten Lebenszeit zu \u00f6ffnen und vielleicht eine Ann\u00e4herung an eine andere, neue, interessantere, verzaubernde, spielerische, tr\u00f6stende, eigene Form von Wahrheit oder Wahrhaftigkeit zu finden. Das jedenfalls finde ich sch\u00f6n zu versuchen.<\/p>\n<h5>Hast du dich schon mit dem Thema Verg\u00e4nglichkeit auseinandergesetzt und wenn ja, wie?<\/h5>\n<p><b>DF:<\/b> Ich setze mich damit irgendwie immer auseinander. Das Thema Verg\u00e4nglichkeit, in seiner existenziellsten Form durch den Tod, ist f\u00fcr mich allgemein und auch pers\u00f6nlich ein wichtiges. Als Schauspieler oder Performer, aber auch als Musiker sind alle Momente fl\u00fcchtig. Einmal erklungene Musik wird nie wieder so erklingen wie zuvor, auch nicht durch die Aufnahme. Als Komponist habe ich wenigstens eine Art Idee oder Produkt, das theoretisch \u00fcberdauert und weiterleben darf. Ganz konkret bin ich aber sehr an den Spieler_innen interessiert. Weniger an meiner Musik. Vielmehr m\u00f6chte ich durch kleine Einsprengsel, Anweisungen, Irritationen oder Spielregeln die K\u00fcnstler_innen dazu aufrufen, sich selbst auszudr\u00fccken. Das kann nat\u00fcrlich auch danebengehen (<i>lacht<\/i>).<\/p>\n<figure id=\"attachment_7302\" aria-describedby=\"caption-attachment-7302\" style=\"width: 683px\" class=\"wp-caption aligncenter\"><img loading=\"lazy\" decoding=\"async\" class=\"size-large wp-image-7302\" src=\"https:\/\/www.mdw.ac.at\/magazin\/wp-content\/uploads\/2022\/02\/post-1_image2-24-683x1024.jpg\" alt=\"\" width=\"683\" height=\"1024\" srcset=\"https:\/\/www.mdw.ac.at\/magazin\/wp-content\/uploads\/2022\/02\/post-1_image2-24-683x1024.jpg 683w, https:\/\/www.mdw.ac.at\/magazin\/wp-content\/uploads\/2022\/02\/post-1_image2-24-200x300.jpg 200w, https:\/\/www.mdw.ac.at\/magazin\/wp-content\/uploads\/2022\/02\/post-1_image2-24-768x1151.jpg 768w, https:\/\/www.mdw.ac.at\/magazin\/wp-content\/uploads\/2022\/02\/post-1_image2-24-1025x1536.jpg 1025w, https:\/\/www.mdw.ac.at\/magazin\/wp-content\/uploads\/2022\/02\/post-1_image2-24-1366x2048.jpg 1366w, https:\/\/www.mdw.ac.at\/magazin\/wp-content\/uploads\/2022\/02\/post-1_image2-24-850x1274.jpg 850w, https:\/\/www.mdw.ac.at\/magazin\/wp-content\/uploads\/2022\/02\/post-1_image2-24.jpg 1423w\" sizes=\"auto, (max-width: 683px) 100vw, 683px\" \/><figcaption id=\"caption-attachment-7302\" class=\"wp-caption-text\">\u00a9 Stephan Polzer<\/figcaption><\/figure>\n<h5>Inwiefern spielt das Ephemere (der Kunst) in deinem Leben eine Rolle? Beeinflusst dich das z.\u2009B. beim Komponieren?<\/h5>\n<p><b>DF:<\/b> \u201eAlles, was entsteht, ist wert, dass es zugrunde geht\u201c (Mephisto, <i>Faust\u00a0I.<\/i>).<br \/>\nWas bedeutet es zu leben? Was bedeutet es, im Hier und Jetzt an diesem Ort als diese Person mit diesem Aussehen in dieser Gesellschaft mit dieser Geschichte zu leben? Jede Wahrnehmung ist nur ein Bruchteil der Realit\u00e4t; ein Wort, eine Geste, ein Geruch kann deine Existenz auf den Kopf stellen. Warum \u00fcberhaupt leben? Im Wissen, dass wir unsere Umwelt zerst\u00f6ren, uns gegenseitig ausbeuten und t\u00f6ten f\u00fcr den Profit und Reichtum wenig(st)er. Wie leben, ohne sich daran zu beteiligen? Ist das m\u00f6glich? Ich finde es immer unglaublich verr\u00fcckt, wenn ich \u00fcber das Universum nachdenke, und frage mich, wieso wir nicht alle st\u00e4ndig schreiend herumrennen, wenn wir doch eine Idee davon haben, was hinter den Sternen liegt. In letzter Instanz ist nichts von Wert. Alles, was bleibt, ist das Erlebte. Ich habe das Gl\u00fcck, in einer reichen, privilegierten Gesellschaft leben zu d\u00fcrfen, und darf mich mit solchen Fragestellungen besch\u00e4ftigen. Ich glaube, wir tragen eine ziemlich gro\u00dfe Verantwortung: uns politisch, k\u00fcnstlerisch, kulturell, menschlich mit Dingen auseinanderzusetzen, Diskussionen zu starten, Denkanst\u00f6\u00dfe zu geben, und \u2013 vielleicht naiv und utopisch, aber dem Universum ziemlich egal \u2013 in unseren M\u00f6glichkeiten danach zu streben, die Welt zu einem gl\u00fccklicheren Ort f\u00fcr alles, was hier lebt, zu machen!","protected":false},"excerpt":{"rendered":"<p>Studiert an der mdw seit: 2017 (Vorbereitungslehrgang)\/2018 (ordentlich); Studienfach\/-f\u00e4cher: \ufeffMedienkomposition und Angewandte Musik\ufeff, \ufeffElektroakustische Komposition<\/p>\n","protected":false},"author":246,"featured_media":7301,"comment_status":"closed","ping_status":"closed","sticky":false,"template":"","format":"standard","meta":{"_acf_changed":false,"footnotes":""},"categories":[17],"tags":[1232,1093,1191,1235,541],"class_list":["post-7298","post","type-post","status-publish","format-standard","has-post-thumbnail","hentry","category-column","tag-2022-1","tag-hmdwkolumne","tag-stephanpolzer","tag-studierende","tag-hmdw"],"acf":[],"_links":{"self":[{"href":"https:\/\/www.mdw.ac.at\/magazin\/wp-json\/wp\/v2\/posts\/7298","targetHints":{"allow":["GET"]}}],"collection":[{"href":"https:\/\/www.mdw.ac.at\/magazin\/wp-json\/wp\/v2\/posts"}],"about":[{"href":"https:\/\/www.mdw.ac.at\/magazin\/wp-json\/wp\/v2\/types\/post"}],"author":[{"embeddable":true,"href":"https:\/\/www.mdw.ac.at\/magazin\/wp-json\/wp\/v2\/users\/246"}],"replies":[{"embeddable":true,"href":"https:\/\/www.mdw.ac.at\/magazin\/wp-json\/wp\/v2\/comments?post=7298"}],"version-history":[{"count":8,"href":"https:\/\/www.mdw.ac.at\/magazin\/wp-json\/wp\/v2\/posts\/7298\/revisions"}],"predecessor-version":[{"id":7400,"href":"https:\/\/www.mdw.ac.at\/magazin\/wp-json\/wp\/v2\/posts\/7298\/revisions\/7400"}],"wp:featuredmedia":[{"embeddable":true,"href":"https:\/\/www.mdw.ac.at\/magazin\/wp-json\/wp\/v2\/media\/7301"}],"wp:attachment":[{"href":"https:\/\/www.mdw.ac.at\/magazin\/wp-json\/wp\/v2\/media?parent=7298"}],"wp:term":[{"taxonomy":"category","embeddable":true,"href":"https:\/\/www.mdw.ac.at\/magazin\/wp-json\/wp\/v2\/categories?post=7298"},{"taxonomy":"post_tag","embeddable":true,"href":"https:\/\/www.mdw.ac.at\/magazin\/wp-json\/wp\/v2\/tags?post=7298"}],"curies":[{"name":"wp","href":"https:\/\/api.w.org\/{rel}","templated":true}]}}