{"id":6337,"date":"2021-09-27T17:05:37","date_gmt":"2021-09-27T15:05:37","guid":{"rendered":"https:\/\/www.mdw.ac.at\/magazin\/?p=6337"},"modified":"2021-09-29T16:17:55","modified_gmt":"2021-09-29T14:17:55","slug":"zum-80-geburtstag-von-professor-herwig-reiter","status":"publish","type":"post","link":"https:\/\/www.mdw.ac.at\/magazin\/2021\/09\/27\/zum-80-geburtstag-von-professor-herwig-reiter\/","title":{"rendered":"Zum 80. Geburtstag von Professor Herwig Reiter"},"content":{"rendered":"Er hat den Chor- und Ensembleleitungsbereich an der mdw jahrzehntelang mitgestaltet und kannte die heimische Chorlandschaft wie kaum ein anderer von innen heraus, egal ob als Dirigent, Stimmbildner, Chorleiter, Aufnahmeleiter, Komponist, Buchautor, Juror oder leidenschaftlicher P\u00e4dagoge \u2013 sein Wirken war stets am Puls der Zeit und von einer Strahlkraft, die weit \u00fcber die mdw und \u00d6sterreich hinausging und allerorts gesch\u00e4tzt wurde:<\/p>\n<p>Herwig Reiter \u2013 ein musikalisches Universum \u2013 feierte Ende Juni seinen 80. Geburtstag.<\/p>\n<p>An der mdw wirkte er seit 1975 und gr\u00fcndete u.\u2009a. den Kammerchor (heute Webern Kammerchor), 1985 wurde er zum Professor f\u00fcr Dirigieren berufen und wirkte bis 2002 am Anton Bruckner Institut, dem Institut f\u00fcr Chor- und Ensembleleitung an der mdw.<\/p>\n<figure id=\"attachment_6339\" aria-describedby=\"caption-attachment-6339\" style=\"width: 850px\" class=\"wp-caption aligncenter\"><img loading=\"lazy\" decoding=\"async\" class=\"wp-image-6339 size-large\" src=\"https:\/\/www.mdw.ac.at\/magazin\/wp-content\/uploads\/2021\/09\/post-1_image0-5-1024x683.jpg\" alt=\"\" width=\"850\" height=\"567\" srcset=\"https:\/\/www.mdw.ac.at\/magazin\/wp-content\/uploads\/2021\/09\/post-1_image0-5-1024x683.jpg 1024w, https:\/\/www.mdw.ac.at\/magazin\/wp-content\/uploads\/2021\/09\/post-1_image0-5-300x200.jpg 300w, https:\/\/www.mdw.ac.at\/magazin\/wp-content\/uploads\/2021\/09\/post-1_image0-5-768x512.jpg 768w, https:\/\/www.mdw.ac.at\/magazin\/wp-content\/uploads\/2021\/09\/post-1_image0-5-1536x1024.jpg 1536w, https:\/\/www.mdw.ac.at\/magazin\/wp-content\/uploads\/2021\/09\/post-1_image0-5-2048x1366.jpg 2048w, https:\/\/www.mdw.ac.at\/magazin\/wp-content\/uploads\/2021\/09\/post-1_image0-5-850x567.jpg 850w\" sizes=\"auto, (max-width: 850px) 100vw, 850px\" \/><figcaption id=\"caption-attachment-6339\" class=\"wp-caption-text\">Herwig Reiter und seine Frau Elisabeth vor dem neu benannten Studio \u00a9 Johannes Herrnegger<\/figcaption><\/figure>\n<p>Ein Kreis ehemaliger Studierender und Kolleg_innen sowie vokale und instrumentale Ensembles des Instituts gratulierten deshalb Anfang Juni im Rahmen eines Festakts im Joseph Haydn-Saal mit Musik des Jubilars, dessen musikalische \u201eWeltanschauung\u201c am besten in den von ihm vor einigen Jahren formulierten k\u00fcnstlerischen Grunds\u00e4tzen zum Ausdruck kommt:<\/p>\n<h5>\u2026 \u00fcber die Beziehung zwischen Musik und Gesellschaft:<\/h5>\n<p>\u201eIch liebe eine Polyphonie, die die Gegens\u00e4tze nebeneinander bestehen l\u00e4sst. Eine solche Musik ist \u2013 politisch betrachtet \u2013 das Abbild einer Gesellschaft, die so frei ist, dass sie das subjektiv Andere jedes einzelnen Individuums ertr\u00e4gt und f\u00f6rdert.\u201c<\/p>\n<h5>\u2026 \u00fcber neue Musik im Allgemeinen:<\/h5>\n<p>\u201eDie besondere Aufgabe unserer Zeit sehe ich darin, die kompositorischen M\u00f6glichkeiten und Freiheiten auf vielerlei Arten zu nutzen, um im Sinne der Demokratie m\u00f6glichst viele Menschen f\u00fcr m\u00f6glichst gute, das hei\u00dft spannende, ausdrucksvolle, lebendige und humane Musik zu gewinnen.\u201c<\/p>\n<p>Im Rahmen der Feierstunde verk\u00fcndete Rektorin Ulrike Sych als Zeichen der Wertsch\u00e4tzung des Hauses die Umbenennung des Raums DEG 63 am Anton-von-Webern-Platz in <i>Herwig Reiter Studio<\/i> \u2013 zur sichtbaren Freude des Jubilars und seiner Frau Elisabeth.","protected":false},"excerpt":{"rendered":"<p>Er hat den Chor- und Ensembleleitungsbereich an der mdw jahrzehntelang mitgestaltet und kannte die heimische Chorlandschaft wie kaum ein anderer von innen heraus, egal ob als Dirigent, Stimmbildner, Chorleiter, Aufnahmeleiter, Komponist, Buchautor, Juror oder leidenschaftlicher P\u00e4dagoge \u2013 sein Wirken war stets am Puls der Zeit.<\/p>\n","protected":false},"author":249,"featured_media":6339,"comment_status":"closed","ping_status":"closed","sticky":false,"template":"","format":"standard","meta":{"_acf_changed":false,"footnotes":""},"categories":[13],"tags":[1192,1194,856],"class_list":["post-6337","post","type-post","status-publish","format-standard","has-post-thumbnail","hentry","category-report","tag-2021-3","tag-herwigreiter","tag-report"],"acf":[],"_links":{"self":[{"href":"https:\/\/www.mdw.ac.at\/magazin\/wp-json\/wp\/v2\/posts\/6337","targetHints":{"allow":["GET"]}}],"collection":[{"href":"https:\/\/www.mdw.ac.at\/magazin\/wp-json\/wp\/v2\/posts"}],"about":[{"href":"https:\/\/www.mdw.ac.at\/magazin\/wp-json\/wp\/v2\/types\/post"}],"author":[{"embeddable":true,"href":"https:\/\/www.mdw.ac.at\/magazin\/wp-json\/wp\/v2\/users\/249"}],"replies":[{"embeddable":true,"href":"https:\/\/www.mdw.ac.at\/magazin\/wp-json\/wp\/v2\/comments?post=6337"}],"version-history":[{"count":4,"href":"https:\/\/www.mdw.ac.at\/magazin\/wp-json\/wp\/v2\/posts\/6337\/revisions"}],"predecessor-version":[{"id":6583,"href":"https:\/\/www.mdw.ac.at\/magazin\/wp-json\/wp\/v2\/posts\/6337\/revisions\/6583"}],"wp:featuredmedia":[{"embeddable":true,"href":"https:\/\/www.mdw.ac.at\/magazin\/wp-json\/wp\/v2\/media\/6339"}],"wp:attachment":[{"href":"https:\/\/www.mdw.ac.at\/magazin\/wp-json\/wp\/v2\/media?parent=6337"}],"wp:term":[{"taxonomy":"category","embeddable":true,"href":"https:\/\/www.mdw.ac.at\/magazin\/wp-json\/wp\/v2\/categories?post=6337"},{"taxonomy":"post_tag","embeddable":true,"href":"https:\/\/www.mdw.ac.at\/magazin\/wp-json\/wp\/v2\/tags?post=6337"}],"curies":[{"name":"wp","href":"https:\/\/api.w.org\/{rel}","templated":true}]}}