{"id":13313,"date":"2026-04-28T15:29:38","date_gmt":"2026-04-28T13:29:38","guid":{"rendered":"https:\/\/www.mdw.ac.at\/magazin\/?p=13313"},"modified":"2026-04-28T15:30:30","modified_gmt":"2026-04-28T13:30:30","slug":"special-gesellschaftliche-relevanz-musikpaedagogik","status":"publish","type":"post","link":"https:\/\/www.mdw.ac.at\/magazin\/2026\/04\/28\/special-gesellschaftliche-relevanz-musikpaedagogik\/","title":{"rendered":"Special: Gesellschaftliche Relevanz: Musikp\u00e4dagogik"},"content":{"rendered":"Musikp\u00e4dagogik ist weit mehr als das Vermitteln von Noten und Technik: Sie er\u00f6ffnet R\u00e4ume f\u00fcr kulturelle Teilhabe, st\u00e4rkt soziale Kompetenzen und f\u00f6rdert individuelle Ausdruckskraft. In diesem Special machen wir die gesellschaftliche Bedeutung von Musik und ihrer Vermittlung sichtbar, werfen einen Blick in eine Schulklasse und zeigen, wie zeitgem\u00e4\u00dfer Musikunterricht heute aussehen kann. Zudem geben wir einen \u00dcberblick \u00fcber die vielf\u00e4ltigen Studienm\u00f6glichkeiten im breiten Feld der Musikp\u00e4dagogik und die ebenso facettenreichen beruflichen Perspektiven \u2013 von der Schule \u00fcber Kulturinstitutionen bis hin zu innovativen Bildungsprojekten und dar\u00fcber hinaus.<\/p>\n<blockquote class=\"wp-embedded-content\" data-secret=\"UGfIDIludS\"><p><a href=\"https:\/\/www.mdw.ac.at\/magazin\/2026\/04\/28\/moderner-musikunterricht-perspektiven-einer-neuen-generation\/\">Moderner Musikunterricht: Perspektiven einer neuen Generation<\/a><\/p><\/blockquote>\n<p><iframe loading=\"lazy\" class=\"wp-embedded-content\" sandbox=\"allow-scripts\" security=\"restricted\" style=\"position: absolute; visibility: hidden;\" title=\"&#8222;Moderner Musikunterricht: Perspektiven einer neuen Generation&#8220; &#8211; mdw-Magazin\" src=\"https:\/\/www.mdw.ac.at\/magazin\/2026\/04\/28\/moderner-musikunterricht-perspektiven-einer-neuen-generation\/embed\/#?secret=b8Bmm03pPJ#?secret=UGfIDIludS\" data-secret=\"UGfIDIludS\" width=\"600\" height=\"338\" frameborder=\"0\" marginwidth=\"0\" marginheight=\"0\" scrolling=\"no\"><\/iframe><\/p>\n<blockquote class=\"wp-embedded-content\" data-secret=\"8Ec11t4HMr\"><p><a href=\"https:\/\/www.mdw.ac.at\/magazin\/2026\/04\/28\/dein-job-musik\/\">Dein Job: Musik!<\/a><\/p><\/blockquote>\n<p><iframe loading=\"lazy\" class=\"wp-embedded-content\" sandbox=\"allow-scripts\" security=\"restricted\" style=\"position: absolute; visibility: hidden;\" title=\"&#8222;Dein Job: Musik!&#8220; &#8211; mdw-Magazin\" src=\"https:\/\/www.mdw.ac.at\/magazin\/2026\/04\/28\/dein-job-musik\/embed\/#?secret=yzvGswUev4#?secret=8Ec11t4HMr\" data-secret=\"8Ec11t4HMr\" width=\"600\" height=\"338\" frameborder=\"0\" marginwidth=\"0\" marginheight=\"0\" scrolling=\"no\"><\/iframe><\/p>\n<blockquote class=\"wp-embedded-content\" data-secret=\"JvAHLHPcrE\"><p><a href=\"https:\/\/www.mdw.ac.at\/magazin\/2026\/04\/28\/lebenslanges-lernen-mit-musik-und-bewegung\/\">Lebenslanges Lernen mit Musik und Bewegung<\/a><\/p><\/blockquote>\n<p><iframe loading=\"lazy\" class=\"wp-embedded-content\" sandbox=\"allow-scripts\" security=\"restricted\" style=\"position: absolute; visibility: hidden;\" title=\"&#8222;Lebenslanges Lernen mit Musik und Bewegung&#8220; &#8211; mdw-Magazin\" src=\"https:\/\/www.mdw.ac.at\/magazin\/2026\/04\/28\/lebenslanges-lernen-mit-musik-und-bewegung\/embed\/#?secret=sRnyDgk5nf#?secret=JvAHLHPcrE\" data-secret=\"JvAHLHPcrE\" width=\"600\" height=\"338\" frameborder=\"0\" marginwidth=\"0\" marginheight=\"0\" scrolling=\"no\"><\/iframe><\/p>\n<blockquote class=\"wp-embedded-content\" data-secret=\"xE2upbdhDo\"><p><a href=\"https:\/\/www.mdw.ac.at\/magazin\/2026\/04\/28\/neustart-fuer-das-lehramt-musik\/\">Neustart f\u00fcr das Lehramt Musik<\/a><\/p><\/blockquote>\n<p><iframe loading=\"lazy\" class=\"wp-embedded-content\" sandbox=\"allow-scripts\" security=\"restricted\" style=\"position: absolute; visibility: hidden;\" title=\"&#8222;Neustart f\u00fcr das Lehramt Musik&#8220; &#8211; mdw-Magazin\" src=\"https:\/\/www.mdw.ac.at\/magazin\/2026\/04\/28\/neustart-fuer-das-lehramt-musik\/embed\/#?secret=VtgbGtDbL7#?secret=xE2upbdhDo\" data-secret=\"xE2upbdhDo\" width=\"600\" height=\"338\" frameborder=\"0\" marginwidth=\"0\" marginheight=\"0\" scrolling=\"no\"><\/iframe><\/p>\n<blockquote class=\"wp-embedded-content\" data-secret=\"4mZpPWQjae\"><p><a href=\"https:\/\/www.mdw.ac.at\/magazin\/2026\/04\/28\/im-anfang-war-der-klang\/\">Im Anfang war der Klang<\/a><\/p><\/blockquote>\n<p><iframe loading=\"lazy\" class=\"wp-embedded-content\" sandbox=\"allow-scripts\" security=\"restricted\" style=\"position: absolute; visibility: hidden;\" title=\"&#8222;Im Anfang war der Klang&#8220; &#8211; mdw-Magazin\" src=\"https:\/\/www.mdw.ac.at\/magazin\/2026\/04\/28\/im-anfang-war-der-klang\/embed\/#?secret=Mdhg1EY804#?secret=4mZpPWQjae\" data-secret=\"4mZpPWQjae\" width=\"600\" height=\"338\" frameborder=\"0\" marginwidth=\"0\" marginheight=\"0\" scrolling=\"no\"><\/iframe><\/p>\n<blockquote class=\"wp-embedded-content\" data-secret=\"Y0uJNRqha5\"><p><a href=\"https:\/\/www.mdw.ac.at\/magazin\/2026\/04\/28\/was-bedeutet-musikalische-bildung-fuer-die-gesellschaft\/\">Was bedeutet musikalische Bildung f\u00fcr die Gesellschaft?<\/a><\/p><\/blockquote>\n<p><iframe loading=\"lazy\" class=\"wp-embedded-content\" sandbox=\"allow-scripts\" security=\"restricted\" style=\"position: absolute; visibility: hidden;\" title=\"&#8222;Was bedeutet musikalische Bildung f\u00fcr die Gesellschaft?&#8220; &#8211; mdw-Magazin\" src=\"https:\/\/www.mdw.ac.at\/magazin\/2026\/04\/28\/was-bedeutet-musikalische-bildung-fuer-die-gesellschaft\/embed\/#?secret=VMqEs5VBAd#?secret=Y0uJNRqha5\" data-secret=\"Y0uJNRqha5\" width=\"600\" height=\"338\" frameborder=\"0\" marginwidth=\"0\" marginheight=\"0\" scrolling=\"no\"><\/iframe><\/p>\n<blockquote class=\"wp-embedded-content\" data-secret=\"9AL5sqRRpe\"><p><a href=\"https:\/\/www.mdw.ac.at\/magazin\/2026\/04\/28\/mdw-goes-primarstufe\/\">mdw goes Primarstufe<\/a><\/p><\/blockquote>\n<p><iframe loading=\"lazy\" class=\"wp-embedded-content\" sandbox=\"allow-scripts\" security=\"restricted\" style=\"position: absolute; visibility: hidden;\" title=\"&#8222;mdw goes Primarstufe&#8220; &#8211; mdw-Magazin\" src=\"https:\/\/www.mdw.ac.at\/magazin\/2026\/04\/28\/mdw-goes-primarstufe\/embed\/#?secret=vT1L9L4tqF#?secret=9AL5sqRRpe\" data-secret=\"9AL5sqRRpe\" width=\"600\" height=\"338\" frameborder=\"0\" marginwidth=\"0\" marginheight=\"0\" scrolling=\"no\"><\/iframe><\/p>\n<p>&nbsp;<\/p>\n<p>&nbsp;<\/p>","protected":false},"excerpt":{"rendered":"<p>Musikp\u00e4dagogik ist weit mehr als das Vermitteln von Noten und Technik: Sie er\u00f6ffnet R\u00e4ume f\u00fcr kulturelle Teilhabe, st\u00e4rkt soziale Kompetenzen und f\u00f6rdert individuelle Ausdruckskraft. In diesem Special machen wir die gesellschaftliche Bedeutung von Musik und ihrer Vermittlung sichtbar, werfen einen Blick in eine Schulklasse und zeigen, wie zeitgem\u00e4\u00dfer Musikunterricht heute aussehen kann.<\/p>\n","protected":false},"author":3,"featured_media":13485,"comment_status":"closed","ping_status":"closed","sticky":false,"template":"","format":"standard","meta":{"_acf_changed":false,"footnotes":""},"categories":[6],"tags":[1674,19],"class_list":["post-13313","post","type-post","status-publish","format-standard","has-post-thumbnail","hentry","category-special","tag-special-2026-2","tag-start"],"acf":[],"_links":{"self":[{"href":"https:\/\/www.mdw.ac.at\/magazin\/wp-json\/wp\/v2\/posts\/13313","targetHints":{"allow":["GET"]}}],"collection":[{"href":"https:\/\/www.mdw.ac.at\/magazin\/wp-json\/wp\/v2\/posts"}],"about":[{"href":"https:\/\/www.mdw.ac.at\/magazin\/wp-json\/wp\/v2\/types\/post"}],"author":[{"embeddable":true,"href":"https:\/\/www.mdw.ac.at\/magazin\/wp-json\/wp\/v2\/users\/3"}],"replies":[{"embeddable":true,"href":"https:\/\/www.mdw.ac.at\/magazin\/wp-json\/wp\/v2\/comments?post=13313"}],"version-history":[{"count":6,"href":"https:\/\/www.mdw.ac.at\/magazin\/wp-json\/wp\/v2\/posts\/13313\/revisions"}],"predecessor-version":[{"id":13489,"href":"https:\/\/www.mdw.ac.at\/magazin\/wp-json\/wp\/v2\/posts\/13313\/revisions\/13489"}],"wp:featuredmedia":[{"embeddable":true,"href":"https:\/\/www.mdw.ac.at\/magazin\/wp-json\/wp\/v2\/media\/13485"}],"wp:attachment":[{"href":"https:\/\/www.mdw.ac.at\/magazin\/wp-json\/wp\/v2\/media?parent=13313"}],"wp:term":[{"taxonomy":"category","embeddable":true,"href":"https:\/\/www.mdw.ac.at\/magazin\/wp-json\/wp\/v2\/categories?post=13313"},{"taxonomy":"post_tag","embeddable":true,"href":"https:\/\/www.mdw.ac.at\/magazin\/wp-json\/wp\/v2\/tags?post=13313"}],"curies":[{"name":"wp","href":"https:\/\/api.w.org\/{rel}","templated":true}]}}