{"id":12105,"date":"2025-07-17T15:07:57","date_gmt":"2025-07-17T13:07:57","guid":{"rendered":"https:\/\/www.mdw.ac.at\/magazin\/?p=12105"},"modified":"2025-07-17T15:11:00","modified_gmt":"2025-07-17T13:11:00","slug":"kuenstlerischen-musiziermomenten-auf-der-spur","status":"publish","type":"post","link":"https:\/\/www.mdw.ac.at\/magazin\/2025\/07\/17\/kuenstlerischen-musiziermomenten-auf-der-spur\/","title":{"rendered":"K\u00fcnstlerischen Musiziermomenten auf der Spur"},"content":{"rendered":"Wie zeigt sich das eigentlich <em>K\u00fcnstlerische<\/em> im Musizierunterricht \u2013 und wie l\u00e4sst sich dar\u00fcber sprechen? Diese Fragen standen im Mittelpunkt des instituts\u00fcbergreifenden Workshops <em>Instrumental-\/Vokaldidaktik k\u00fcnstlerisch befragt<\/em>, der am 16. Mai 2025 vom Fachbereich Instrumental(Gesangs)p\u00e4dagogik (IGP) veranstaltet wurde. Rund 60 Teilnehmer_innen \u2013 gr\u00f6\u00dftenteils Studierende der Instrumental- und Gesangsp\u00e4dagogik \u2013 nahmen teil. Erg\u00e4nzt wurde die Runde durch Lehrende musikp\u00e4dagogischer Fachinstitute sowie externe G\u00e4ste.<\/p>\n<figure id=\"attachment_12104\" aria-describedby=\"caption-attachment-12104\" style=\"width: 850px\" class=\"wp-caption aligncenter\"><img loading=\"lazy\" decoding=\"async\" class=\"size-large wp-image-12104\" src=\"https:\/\/www.mdw.ac.at\/magazin\/wp-content\/uploads\/2025\/07\/Foto3-1024x768.jpg\" alt=\"\" width=\"850\" height=\"638\" srcset=\"https:\/\/www.mdw.ac.at\/magazin\/wp-content\/uploads\/2025\/07\/Foto3-1024x768.jpg 1024w, https:\/\/www.mdw.ac.at\/magazin\/wp-content\/uploads\/2025\/07\/Foto3-300x225.jpg 300w, https:\/\/www.mdw.ac.at\/magazin\/wp-content\/uploads\/2025\/07\/Foto3-768x576.jpg 768w, https:\/\/www.mdw.ac.at\/magazin\/wp-content\/uploads\/2025\/07\/Foto3-1536x1152.jpg 1536w, https:\/\/www.mdw.ac.at\/magazin\/wp-content\/uploads\/2025\/07\/Foto3-850x638.jpg 850w, https:\/\/www.mdw.ac.at\/magazin\/wp-content\/uploads\/2025\/07\/Foto3.jpg 1600w\" sizes=\"auto, (max-width: 850px) 100vw, 850px\" \/><figcaption id=\"caption-attachment-12104\" class=\"wp-caption-text\">\u00a9 Benedikt Pl\u00f6\u00dfnig<\/figcaption><\/figure>\n<p>Nach einem gemeinsamen Auftakt diskutierten die Teilnehmer_innen \u00fcber eigene Erfahrungen mit k\u00fcnstlerischen Momenten im Unterricht. Als gemeinsamer Bezugspunkt und Impulsgeber diente der neu erschienene Sammelband <em>Instrumentaldidaktik k\u00fcnstlerisch gedacht<\/em>, herausgegeben von Hannah Lindmaier und Peter R\u00f6bke. Der Band f\u00fchrt aktuelle Diskussionslinien innerhalb der allgemeinen Instrumentaldidaktik zusammen und erweitert sie um unterschiedliche Perspektiven. Ein gemeinsamer Fixpunkt der versammelten Beitr\u00e4ge ist der Fokus auf Augenblicke, in denen es \u201eernst\u201c wird \u2013 im Sinne einer Verdichtung, die intensive musikalisch-\u00e4sthetische Erfahrungen erm\u00f6glicht. Doch was genau macht solche Momente aus? Und wie lassen sie sich didaktisch anregen, ohne sie erzwingen zu wollen?<\/p>\n<p>Diese Fragen bildeten den Ausgangspunkt f\u00fcr Gespr\u00e4che, in denen pers\u00f6nliche Erfahrungen, didaktische \u00dcberlegungen, k\u00fcnstlerische sowie forschungsbezogene Perspektiven miteinander in Verbindung gebracht wurden. Zur Sprache kamen unter anderem folgende Aspekte: das In-Resonanz-Treten mit dem Gegen\u00fcber oder der Musik selbst; das bewusste Ausdehnen eigener Grenzen, um tiefer in die Musik einzutauchen; das Erleben eines pl\u00f6tzlichen musikalischen Flusses, der durch das Loslassen von Kontrolle erm\u00f6glicht wird; die Bereitschaft, volles Risiko einzugehen; das Wechselspiel zwischen spielerischem Tun und reflexivem Lernen. Solche Momente, in denen sich Musizierende zugleich pr\u00e4sent und gestalterisch wirksam erleben, wurden von vielen als zentral f\u00fcr eine k\u00fcnstlerisch verstandene Instrumentalp\u00e4dagogik benannt.<\/p>\n<figure id=\"attachment_12103\" aria-describedby=\"caption-attachment-12103\" style=\"width: 850px\" class=\"wp-caption aligncenter\"><img loading=\"lazy\" decoding=\"async\" class=\"size-large wp-image-12103\" src=\"https:\/\/www.mdw.ac.at\/magazin\/wp-content\/uploads\/2025\/07\/Foto2-1024x768.jpg\" alt=\"\" width=\"850\" height=\"638\" srcset=\"https:\/\/www.mdw.ac.at\/magazin\/wp-content\/uploads\/2025\/07\/Foto2-1024x768.jpg 1024w, https:\/\/www.mdw.ac.at\/magazin\/wp-content\/uploads\/2025\/07\/Foto2-300x225.jpg 300w, https:\/\/www.mdw.ac.at\/magazin\/wp-content\/uploads\/2025\/07\/Foto2-768x576.jpg 768w, https:\/\/www.mdw.ac.at\/magazin\/wp-content\/uploads\/2025\/07\/Foto2-1536x1152.jpg 1536w, https:\/\/www.mdw.ac.at\/magazin\/wp-content\/uploads\/2025\/07\/Foto2-2048x1536.jpg 2048w, https:\/\/www.mdw.ac.at\/magazin\/wp-content\/uploads\/2025\/07\/Foto2-850x638.jpg 850w\" sizes=\"auto, (max-width: 850px) 100vw, 850px\" \/><figcaption id=\"caption-attachment-12103\" class=\"wp-caption-text\">\u00a9 Benedikt Pl\u00f6\u00dfnig<\/figcaption><\/figure>\n<p>Die einzelnen Diskussionsgruppen wurden von Cecilia Bj\u00f6rk und Ivanka Muncan, Michael G\u00f6llner, Hannah Lindmaier, Judith McGregor, Benedikt Pl\u00f6\u00dfnig und Peter R\u00f6bke moderiert.<\/p>\n<p>Mit dem Ziel, den Diskurs im Dialog mit den instrumental-\/vokalspezifischen Didaktiken weiterzuf\u00fchren, kamen anschlie\u00dfend Lehrende aus unterschiedlichen instrumentalp\u00e4dagogischen Arbeits- und Berufsfeldern in einer Podiumsdiskussion miteinander ins Gespr\u00e4ch. Neben den beiden Herausgeber_innen nahmen Elisabeth Aigner-Monarth (Ludwig van Beethoven Institut f\u00fcr Klavier in der Musikp\u00e4dagogik), Anna Guggenberger (Franz Schubert Institut f\u00fcr Blas- und Schlaginstrumente in der Musikp\u00e4dagogik), Michael G\u00f6llner (Institut f\u00fcr musikp\u00e4dagogische Forschung und Praxis) und Isabel Schneider (Alma Ros\u00e9 Institut f\u00fcr Streichinstrumente, Gitarre und Harfe in der Musikp\u00e4dagogik) teil.<\/p>\n<p>Die Diskussion verdeutlichte: Ob im universit\u00e4ren Unterricht, an Musikschulen oder in sozialen Musikprojekten wie <em>Superar<\/em> \u2013 k\u00fcnstlerische Momente sind kein Zusatz, sondern Keimzelle und Ziel musikalischer Bildung gleicherma\u00dfen. Der Workshop bot wertvolle Impulse f\u00fcr eine Musizierp\u00e4dagogik, die die Sph\u00e4re zwischen dem <em>K\u00fcnstlerischen<\/em> und dem <em>Unterrichtlichen<\/em> als grundlegend interdependent begreift.<\/p>\n<figure id=\"attachment_12102\" aria-describedby=\"caption-attachment-12102\" style=\"width: 850px\" class=\"wp-caption aligncenter\"><img loading=\"lazy\" decoding=\"async\" class=\"size-large wp-image-12102\" src=\"https:\/\/www.mdw.ac.at\/magazin\/wp-content\/uploads\/2025\/07\/Foto1-1024x768.jpg\" alt=\"\" width=\"850\" height=\"638\" srcset=\"https:\/\/www.mdw.ac.at\/magazin\/wp-content\/uploads\/2025\/07\/Foto1-1024x768.jpg 1024w, https:\/\/www.mdw.ac.at\/magazin\/wp-content\/uploads\/2025\/07\/Foto1-300x225.jpg 300w, https:\/\/www.mdw.ac.at\/magazin\/wp-content\/uploads\/2025\/07\/Foto1-768x576.jpg 768w, https:\/\/www.mdw.ac.at\/magazin\/wp-content\/uploads\/2025\/07\/Foto1-1536x1152.jpg 1536w, https:\/\/www.mdw.ac.at\/magazin\/wp-content\/uploads\/2025\/07\/Foto1-2048x1536.jpg 2048w, https:\/\/www.mdw.ac.at\/magazin\/wp-content\/uploads\/2025\/07\/Foto1-850x638.jpg 850w\" sizes=\"auto, (max-width: 850px) 100vw, 850px\" \/><figcaption id=\"caption-attachment-12102\" class=\"wp-caption-text\">\u00a9 Benedikt Pl\u00f6\u00dfnig<\/figcaption><\/figure>\n<p>Zudem wurde deutlich, wie viel Potenzial im Austausch unterschiedlicher musizierdidaktischer Perspektiven liegt. Das gemeinsame Interesse an der Anbahnung k\u00fcnstlerischer Prozesse, \u00e4sthetischer Wahrnehmungen und intensiver Musiziererfahrungen kann dabei einen tragf\u00e4higen Nenner f\u00fcr eine reflektierte und lebendige Unterrichtspraxis bilden. Die Veranstaltung brachte Studierende, Lehrende aus der Fach- und allgemeinen Didaktik sowie Praktiker_innen aus dem Berufsfeld in einen vielschichtigen Austausch. Besonders positiv hervorgehoben wurde von den teilnehmenden Studierenden die Vielfalt der Perspektiven, die durch die Zusammensetzung der Beteiligten erm\u00f6glicht wurde.","protected":false},"excerpt":{"rendered":"<p>Wie zeigt sich das eigentlich K\u00fcnstlerische im Musizierunterricht \u2013 und wie l\u00e4sst sich dar\u00fcber sprechen? Diese Fragen standen im Mittelpunkt des instituts\u00fcbergreifenden Workshops Instrumental-\/Vokaldidaktik k\u00fcnstlerisch befragt, der vom Fachbereich Instrumental(Gesangs)p\u00e4dagogik (IGP) veranstaltet wurde.<\/p>\n","protected":false},"author":410,"featured_media":12104,"comment_status":"closed","ping_status":"closed","sticky":false,"template":"","format":"standard","meta":{"_acf_changed":false,"footnotes":""},"categories":[13],"tags":[1588],"class_list":["post-12105","post","type-post","status-publish","format-standard","has-post-thumbnail","hentry","category-report","tag-webonly-report-music-musicmaking-artisticmoments"],"acf":[],"_links":{"self":[{"href":"https:\/\/www.mdw.ac.at\/magazin\/wp-json\/wp\/v2\/posts\/12105","targetHints":{"allow":["GET"]}}],"collection":[{"href":"https:\/\/www.mdw.ac.at\/magazin\/wp-json\/wp\/v2\/posts"}],"about":[{"href":"https:\/\/www.mdw.ac.at\/magazin\/wp-json\/wp\/v2\/types\/post"}],"author":[{"embeddable":true,"href":"https:\/\/www.mdw.ac.at\/magazin\/wp-json\/wp\/v2\/users\/410"}],"replies":[{"embeddable":true,"href":"https:\/\/www.mdw.ac.at\/magazin\/wp-json\/wp\/v2\/comments?post=12105"}],"version-history":[{"count":6,"href":"https:\/\/www.mdw.ac.at\/magazin\/wp-json\/wp\/v2\/posts\/12105\/revisions"}],"predecessor-version":[{"id":12111,"href":"https:\/\/www.mdw.ac.at\/magazin\/wp-json\/wp\/v2\/posts\/12105\/revisions\/12111"}],"wp:featuredmedia":[{"embeddable":true,"href":"https:\/\/www.mdw.ac.at\/magazin\/wp-json\/wp\/v2\/media\/12104"}],"wp:attachment":[{"href":"https:\/\/www.mdw.ac.at\/magazin\/wp-json\/wp\/v2\/media?parent=12105"}],"wp:term":[{"taxonomy":"category","embeddable":true,"href":"https:\/\/www.mdw.ac.at\/magazin\/wp-json\/wp\/v2\/categories?post=12105"},{"taxonomy":"post_tag","embeddable":true,"href":"https:\/\/www.mdw.ac.at\/magazin\/wp-json\/wp\/v2\/tags?post=12105"}],"curies":[{"name":"wp","href":"https:\/\/api.w.org\/{rel}","templated":true}]}}